{"id":3204,"date":"2023-03-05T17:35:06","date_gmt":"2023-03-05T16:35:06","guid":{"rendered":"http:\/\/www.biblioteca-sancarloborromeo.it\/?p=3204"},"modified":"2023-03-05T17:35:06","modified_gmt":"2023-03-05T16:35:06","slug":"l-imprevedibile-caso-del-bambino-alla-finestra","status":"publish","type":"post","link":"http:\/\/www.biblioteca-sancarloborromeo.it\/index.php\/2023\/03\/05\/l-imprevedibile-caso-del-bambino-alla-finestra\/","title":{"rendered":"L&#8217; imprevedibile caso del bambino alla finestra"},"content":{"rendered":"\n<p>di\u00a0Lisa Thompson<\/p>\n\n\n\n<p>Matthew Corbin non \u00e8 come gli altri dodicenni. Se fosse per lui resterebbe sempre chiuso in camera sua, al sicuro da germi, batteri e da tutti i pericoli del mondo esterno. Passa il tempo affacciato alla finestra a osservare gli strani vicini di casa e annotare ogni cosa sul suo diario. Fino al giorno in cui Teddy, il nipotino del signor Charles, che ha solo quindici mesi, scompare improvvisamente. La polizia non sa come muoversi: nessun testimone, nessuna traccia, nessun movente, nessuna richiesta di riscatto. Matthew \u00e8 l&#8217;ultimo ad averlo visto mentre giocava nel giardino del nonno. L&#8217;unico a sapere esattamente ci\u00f2 che \u00e8 successo quel giorno. L&#8217;unico ad aver osservato ogni cosa e segnato ogni dettaglio sul suo diario. Lui \u00e8 l&#8217;unico che potrebbe salvare il piccolo Teddy, se solo trovasse il coraggio di affrontare il disturbo ossessivo compulsivo che lo tormenta da sempre e uscire di casa.<\/p>\n","protected":false},"excerpt":{"rendered":"<div class=\"mh-excerpt\"><p>di\u00a0Lisa Thompson Matthew Corbin non \u00e8 come gli altri dodicenni. Se fosse per lui resterebbe sempre chiuso in camera sua, al sicuro da germi, batteri e da tutti i pericoli <a class=\"mh-excerpt-more\" href=\"http:\/\/www.biblioteca-sancarloborromeo.it\/index.php\/2023\/03\/05\/l-imprevedibile-caso-del-bambino-alla-finestra\/\" title=\"L&#8217; imprevedibile caso del bambino alla finestra\">[&#8230;]<\/a><\/p>\n<\/div>","protected":false},"author":1,"featured_media":3203,"comment_status":"open","ping_status":"","sticky":false,"template":"","format":"standard","meta":{"footnotes":""},"categories":[11],"tags":[25],"class_list":["post-3204","post","type-post","status-publish","format-standard","has-post-thumbnail","hentry","category-libri-per-ragazzi","tag-da-10-anni"],"_links":{"self":[{"href":"http:\/\/www.biblioteca-sancarloborromeo.it\/index.php\/wp-json\/wp\/v2\/posts\/3204","targetHints":{"allow":["GET"]}}],"collection":[{"href":"http:\/\/www.biblioteca-sancarloborromeo.it\/index.php\/wp-json\/wp\/v2\/posts"}],"about":[{"href":"http:\/\/www.biblioteca-sancarloborromeo.it\/index.php\/wp-json\/wp\/v2\/types\/post"}],"author":[{"embeddable":true,"href":"http:\/\/www.biblioteca-sancarloborromeo.it\/index.php\/wp-json\/wp\/v2\/users\/1"}],"replies":[{"embeddable":true,"href":"http:\/\/www.biblioteca-sancarloborromeo.it\/index.php\/wp-json\/wp\/v2\/comments?post=3204"}],"version-history":[{"count":1,"href":"http:\/\/www.biblioteca-sancarloborromeo.it\/index.php\/wp-json\/wp\/v2\/posts\/3204\/revisions"}],"predecessor-version":[{"id":3205,"href":"http:\/\/www.biblioteca-sancarloborromeo.it\/index.php\/wp-json\/wp\/v2\/posts\/3204\/revisions\/3205"}],"wp:featuredmedia":[{"embeddable":true,"href":"http:\/\/www.biblioteca-sancarloborromeo.it\/index.php\/wp-json\/wp\/v2\/media\/3203"}],"wp:attachment":[{"href":"http:\/\/www.biblioteca-sancarloborromeo.it\/index.php\/wp-json\/wp\/v2\/media?parent=3204"}],"wp:term":[{"taxonomy":"category","embeddable":true,"href":"http:\/\/www.biblioteca-sancarloborromeo.it\/index.php\/wp-json\/wp\/v2\/categories?post=3204"},{"taxonomy":"post_tag","embeddable":true,"href":"http:\/\/www.biblioteca-sancarloborromeo.it\/index.php\/wp-json\/wp\/v2\/tags?post=3204"}],"curies":[{"name":"wp","href":"https:\/\/api.w.org\/{rel}","templated":true}]}}